{"id":979,"date":"2023-08-08T09:25:01","date_gmt":"2023-08-08T09:25:01","guid":{"rendered":"https:\/\/fits.de\/de\/?p=979"},"modified":"2025-01-13T14:11:43","modified_gmt":"2025-01-13T14:11:43","slug":"elektronisch-unterwiesene-person","status":"publish","type":"post","link":"https:\/\/fits.de\/de\/angebot\/elektronisch-unterwiesene-person\/","title":{"rendered":"Elektrotechnisch unterwiesene Person (EUP)"},"content":{"rendered":"\n<div class=\"wp-block-group alignfull has-blue-25-background-color has-background has-global-padding is-layout-constrained wp-block-group-is-layout-constrained\" style=\"margin-top:0;margin-bottom:0;padding-top:var(--wp--preset--spacing--60);padding-bottom:var(--wp--preset--spacing--60)\">\n<div class=\"wp-block-group has-global-padding is-content-justification-left is-layout-constrained wp-container-core-group-is-layout-12dd3699 wp-block-group-is-layout-constrained\">\t<a class=\"fits-tag is-style-blue\" href=\"https:\/\/fits.de\/de\/kategorie\/angebot\/qualifizierung\/fortbildung-weiterbildung\/\/\" target=\"_self\">\n\t\t<div class=\"fits-tag__icon\">\n\n            <div class='fits-icon fits-icon--small '>\n                <svg width='16' height='16'>\n                    <use xlink:href='#fits-graduation-cap'\/>\n                <\/svg>\n            <\/div>\n<\/div>Fort- &amp; Weiterbildung\t<\/a>\n<\/div>\n\n\n\n<h1 class=\"wp-block-heading has-text-align-left has-blue-700-color has-text-color\" style=\"margin-top:var(--wp--preset--spacing--30)\">Elektro&shy;technisch unterwiesene Person (EUP)<\/h1>\n<\/div>\n\n\n\n<div class=\"wp-block-group has-link-color wp-elements-c278f38bb102c261db0ddbaabd4e1bd3 has-global-padding is-layout-constrained wp-block-group-is-layout-constrained\">\n<h2 class=\"wp-block-heading has-blue-700-color has-text-color\">Zielgruppe f\u00fcr diese Schulung<\/h2>\n\n\n\n<p>Dieser Zertifikatslehrgang richtet sich an Interessenten:innen mit folgenden Berufen bzw. Positionen:<\/p>\n\n\n\n<ul class=\"wp-block-list\">\n<li class=\"wp-block-list-item\">Hydrauliker<\/li>\n\n\n\n<li class=\"wp-block-list-item\">Servicetechniker<\/li>\n\n\n\n<li class=\"wp-block-list-item\">Maschinenf\u00fchrer<\/li>\n\n\n\n<li class=\"wp-block-list-item\">Geb\u00e4udetechniker<\/li>\n\n\n\n<li class=\"wp-block-list-item\">Schlosser<\/li>\n\n\n\n<li class=\"wp-block-list-item\">Pneumatiker<\/li>\n\n\n\n<li class=\"wp-block-list-item\">Produktionsmitarbeiter<\/li>\n\n\n\n<li class=\"wp-block-list-item\">Instandhalter<\/li>\n\n\n\n<li class=\"wp-block-list-item\">bef\u00e4higte Personen<\/li>\n<\/ul>\n<\/div>\n\n\n\n<figure class=\"wp-block-pullquote is-style-blue-pullquote\"><blockquote><p><strong>Dieser Kurs ist f\u00fcr einen Bildungsurlaub anerkannt.<\/strong><\/p><\/blockquote><\/figure>\n\n\n\n<div class=\"wp-block-group has-global-padding is-layout-constrained wp-container-core-group-is-layout-76b72ade wp-block-group-is-layout-constrained\" style=\"padding-top:0;padding-right:0;padding-bottom:0;padding-left:0\">\n<h2 class=\"wp-block-heading has-blue-700-color has-text-color\">Deine Perspektive<\/h2>\n\n\n\n<p>Ziel ist die Vermittlung theoretischer Kenntnisse. Dein Wissen wird durch praktische \u00dcbungen an verschiedenen Stationen vertieft und erweitert. Du kannst deine Praxisfragen zu deinem zuk\u00fcnftigen Einsatzgebiet ansprechen und kl\u00e4ren.<\/p>\n<\/div>\n\n\n\n<div class=\"wp-block-group has-global-padding is-layout-constrained wp-block-group-is-layout-constrained\" style=\"margin-top:0;padding-top:0;padding-bottom:0\">\n<h2 class=\"wp-block-heading has-blue-700-color has-text-color\">Kursinhalte<\/h2>\n\n\n\n<ul class=\"wp-block-list is-style-checked-bubble-list\">\n<li class=\"wp-block-list-item\">Grundlagen der Elektrotechnik<\/li>\n\n\n\n<li class=\"wp-block-list-item\">Gefahren und Wirkungen des elektrischen Stroms<\/li>\n\n\n\n<li class=\"wp-block-list-item\">Schutzma\u00dfnahmen gegen direktes und indirektes Ber\u00fchren, Pr\u00fcfung der Schutzma\u00dfnahmen<\/li>\n\n\n\n<li class=\"wp-block-list-item\">Unfallverh\u00fctung bei Arbeiten an elektrischen Anlagen<\/li>\n\n\n\n<li class=\"wp-block-list-item\">Definition der zul\u00e4ssigen T\u00e4tigkeiten der Elektrotechnisch unterwiesenen Person (EuP)<\/li>\n<\/ul>\n<\/div>\n\n\n\n<div class=\"wp-block-cover alignfull has-parallax\" style=\"padding-right:0;padding-left:0\"><span aria-hidden=\"true\" class=\"wp-block-cover__background has-background-dim-0 has-background-dim\"><\/span><div class=\"wp-block-cover__image-background wp-image-694 has-parallax\" style=\"background-position:50% 50%;background-image:url(https:\/\/fits.de\/de\/wp-content\/uploads\/sites\/2\/kursi-img-1-2-814x1024.jpg)\"><\/div><div class=\"wp-block-cover__inner-container is-layout-flow wp-block-cover-is-layout-flow\">\n<p class=\"has-text-align-center has-large-font-size\"><\/p>\n<\/div><\/div>\n\n\n\n<div class=\"wp-block-group has-global-padding is-layout-constrained wp-block-group-is-layout-constrained\">\n<h2 class=\"wp-block-heading has-blue-700-color has-text-color\">Pr\u00e4senz&shy;unterricht mit Praxis&shy;orientierung<\/h2>\n\n\n\n<p>Ziel ist die Vermittlung theoretischer Kenntnisse. Dein Wissen wird durch praktische \u00dcbungen an verschiedenen Stationen vertieft und erweitert. Du kannst deine Praxisfragen zu deinem zuk\u00fcnftigen Einsatzgebiet ansprechen und kl\u00e4ren.<\/p>\n\n\n\n<div class=\"wp-block-group has-elevation-200-shadow has-global-padding is-layout-constrained wp-container-core-group-is-layout-5d028388 wp-block-group-is-layout-constrained\" style=\"border-radius:16px;margin-top:var(--wp--preset--spacing--50);padding-top:var(--wp--preset--spacing--40);padding-right:var(--wp--preset--spacing--40);padding-bottom:var(--wp--preset--spacing--40);padding-left:var(--wp--preset--spacing--40)\">\n<div class=\"wp-block-columns is-layout-flex wp-container-core-columns-is-layout-28f84493 wp-block-columns-is-layout-flex\">\n<div class=\"wp-block-column is-layout-flow wp-block-column-is-layout-flow\" style=\"flex-basis:33.33%\">\n<div class=\"wp-block-group is-nowrap is-layout-flex wp-container-core-group-is-layout-0844f5dc wp-block-group-is-layout-flex\">\n            <div class='fits-icon fits-icon--large '>\n                <svg width='16' height='16'>\n                    <use xlink:href='#fits-hourglass'\/>\n                <\/svg>\n            <\/div>\n\n\n<p><strong>Dauer<\/strong><\/p>\n<\/div>\n<\/div>\n\n\n\n<div class=\"wp-block-column is-layout-flow wp-block-column-is-layout-flow\" style=\"flex-basis:66.66%\">\n<p>2 Tage in Vollzeit<\/p>\n\n\n\n<p><strong>Dieser Kurs ist f\u00fcr einen Bildungsurlaub anerkannt.<\/strong><\/p>\n<\/div>\n<\/div>\n\n\n\n<hr class=\"wp-block-separator has-text-color has-steel-grey-300-color has-alpha-channel-opacity has-steel-grey-300-background-color has-background is-style-wide\" style=\"margin-top:var(--wp--preset--spacing--30);margin-bottom:var(--wp--preset--spacing--30)\"\/>\n\n\n\n<div class=\"wp-block-columns is-layout-flex wp-container-core-columns-is-layout-f0342b05 wp-block-columns-is-layout-flex\" style=\"margin-top:0;margin-bottom:0\">\n<div class=\"wp-block-column is-layout-flow wp-block-column-is-layout-flow\" style=\"flex-basis:33.33%\">\n<div class=\"wp-block-group is-nowrap is-layout-flex wp-container-core-group-is-layout-0844f5dc wp-block-group-is-layout-flex\">\n            <div class='fits-icon fits-icon--large '>\n                <svg width='16' height='16'>\n                    <use xlink:href='#fits-clock'\/>\n                <\/svg>\n            <\/div>\n\n\n<p><strong>Zeiten<\/strong><\/p>\n<\/div>\n<\/div>\n\n\n\n<div class=\"wp-block-column is-layout-flow wp-block-column-is-layout-flow\" style=\"flex-basis:66.66%\">\n<p>Montags und Dienstags<br>von 08:00 bis 15:30<\/p>\n<\/div>\n<\/div>\n\n\n\n<hr class=\"wp-block-separator has-text-color has-steel-grey-300-color has-alpha-channel-opacity has-steel-grey-300-background-color has-background is-style-wide\" style=\"margin-top:var(--wp--preset--spacing--30);margin-bottom:var(--wp--preset--spacing--30)\"\/>\n\n\n\n<div class=\"wp-block-columns is-layout-flex wp-container-core-columns-is-layout-f0342b05 wp-block-columns-is-layout-flex\" style=\"margin-top:0;margin-bottom:0\">\n<div class=\"wp-block-column is-layout-flow wp-block-column-is-layout-flow\" style=\"flex-basis:33.33%\">\n<div class=\"wp-block-group is-nowrap is-layout-flex wp-container-core-group-is-layout-37505225 wp-block-group-is-layout-flex\">\n            <div class='fits-icon fits-icon--large '>\n                <svg width='16' height='16'>\n                    <use xlink:href='#fits-calendar-days'\/>\n                <\/svg>\n            <\/div>\n\n\n<p><strong>Starttermine<\/strong><\/p>\n<\/div>\n<\/div>\n\n\n\n<div class=\"wp-block-column is-layout-flow wp-block-column-is-layout-flow\" style=\"flex-basis:66.66%\">\n<p>13. bis 14. November 2023<\/p>\n<\/div>\n<\/div>\n\n\n\n<hr class=\"wp-block-separator has-text-color has-steel-grey-300-color has-alpha-channel-opacity has-steel-grey-300-background-color has-background is-style-wide\" style=\"margin-top:var(--wp--preset--spacing--30);margin-bottom:var(--wp--preset--spacing--30)\"\/>\n\n\n\n<div class=\"wp-block-columns is-layout-flex wp-container-core-columns-is-layout-f0342b05 wp-block-columns-is-layout-flex\" style=\"margin-top:0;margin-bottom:0\">\n<div class=\"wp-block-column is-layout-flow wp-block-column-is-layout-flow\" style=\"flex-basis:33.33%\">\n<div class=\"wp-block-group is-nowrap is-layout-flex wp-container-core-group-is-layout-37505225 wp-block-group-is-layout-flex\">\n            <div class='fits-icon fits-icon--large '>\n                <svg width='16' height='16'>\n                    <use xlink:href='#fits-circle-euro'\/>\n                <\/svg>\n            <\/div>\n\n\n<p><strong>Preis<\/strong><\/p>\n<\/div>\n<\/div>\n\n\n\n<div class=\"wp-block-column is-layout-flow wp-block-column-is-layout-flow\" style=\"flex-basis:66.66%\">\n<p>750,00 \u20ac inkl. MwSt.<\/p>\n<\/div>\n<\/div>\n\n\n\n<div class=\"wp-block-buttons is-content-justification-center is-layout-flex wp-container-core-buttons-is-layout-bb659de6 wp-block-buttons-is-layout-flex\" style=\"margin-top:var(--wp--preset--spacing--50)\">\n<div class=\"wp-block-button has-custom-width wp-block-button__width-75 has-custom-font-size is-style-blue has-x-large-font-size\"><a class=\"wp-block-button__link wp-element-button\" href=\"#fits_input_0\">Jetzt beraten lassen<\/a><\/div>\n<\/div>\n<\/div>\n<\/div>\n\n\n\n<div class=\"wp-block-group alignwide has-global-padding is-layout-constrained wp-block-group-is-layout-constrained\">\n<div class=\"wp-block-columns alignwide is-layout-flex wp-container-core-columns-is-layout-7fc3d43a wp-block-columns-is-layout-flex\">\n<div class=\"wp-block-column is-vertically-aligned-center is-layout-flow wp-block-column-is-layout-flow\" style=\"flex-basis:50%\">\n<figure class=\"wp-block-image size-full has-custom-border\"><img decoding=\"async\" src=\"https:\/\/fits.de\/de\/wp-content\/uploads\/sites\/2\/illustration-qualifizierung-fortbildung-weiterbildung.svg\" alt=\"Abschluss Elektrotechnisch unterwiesene Person\" class=\"wp-image-2357\" style=\"border-radius:24px;aspect-ratio:3\/2;object-fit:cover\"\/><\/figure>\n<\/div>\n\n\n\n<div class=\"wp-block-column is-vertically-aligned-center is-layout-flow wp-block-column-is-layout-flow\" style=\"flex-basis:50%\">\n<h2 class=\"wp-block-heading has-blue-700-color has-text-color\">Dein Abschluss<\/h2>\n\n\n\n<ul class=\"wp-block-list is-style-checkmark-list\">\n<li class=\"wp-block-list-item\"><strong>Zertifikat<\/strong> zur Elektrotechnisch unterwiesenen Person (EuP)<\/li>\n<\/ul>\n<\/div>\n<\/div>\n<\/div>\n\n\n\n<div class=\"wp-block-group alignfull has-steel-grey-100-background-color has-background has-global-padding is-layout-constrained wp-container-core-group-is-layout-95730b41 wp-block-group-is-layout-constrained\" style=\"padding-top:0;padding-bottom:0\">\n<div class=\"wp-block-columns alignwide is-layout-flex wp-container-core-columns-is-layout-3b58c14e wp-block-columns-is-layout-flex\" style=\"margin-top:0;margin-bottom:0;padding-right:0;padding-left:0\">\n<div class=\"wp-block-column is-layout-flow wp-container-core-column-is-layout-1396dd20 wp-block-column-is-layout-flow\" style=\"padding-top:0;padding-right:0;padding-bottom:0;padding-left:0\">\n<figure class=\"wp-block-image aligncenter size-full has-custom-border\"><img loading=\"lazy\" decoding=\"async\" width=\"981\" height=\"880\" src=\"https:\/\/fits.de\/de\/wp-content\/uploads\/sites\/2\/FranziskaFischer_Beratung-1.png\" alt=\"Beratung bei Franziska Fischer\" class=\"wp-image-4486\" style=\"border-style:none;border-width:0px\" srcset=\"https:\/\/fits.de\/de\/wp-content\/uploads\/sites\/2\/FranziskaFischer_Beratung-1.png 981w, https:\/\/fits.de\/de\/wp-content\/uploads\/sites\/2\/FranziskaFischer_Beratung-1-300x269.png 300w, https:\/\/fits.de\/de\/wp-content\/uploads\/sites\/2\/FranziskaFischer_Beratung-1-768x689.png 768w\" sizes=\"auto, (max-width: 981px) 100vw, 981px\" \/><\/figure>\n<\/div>\n\n\n\n<div class=\"wp-block-column is-layout-flow wp-container-core-column-is-layout-42b9eb7c wp-block-column-is-layout-flow\" style=\"padding-top:var(--wp--preset--spacing--60);padding-right:0;padding-bottom:0;padding-left:0\">\n<h2 class=\"wp-block-heading has-blue-700-color has-text-color has-headline-4-font-size\">Lasse dich jetzt kostenlos zu Technischen Berufen beraten.<\/h2>\n\n\n\n<p>Du bist dir nicht sicher was genau zu dir passt oder was du machen m\u00f6chtest? Wir k\u00f6nnen dir bei deiner Entscheidung helfen.<\/p>\n\n\n\n<p><strong>Franziska Fischer<\/strong><br><strong>Tel: 040 8972067815<\/strong><\/p>\n\n\n\n<div class=\"wp-block-buttons is-layout-flex wp-block-buttons-is-layout-flex\">\n<div class=\"wp-block-button has-custom-width wp-block-button__width-75 is-style-yellow\"><a class=\"wp-block-button__link wp-element-button\" href=\"#fits_input_0\">Beratung starten<\/a><\/div>\n<\/div>\n<\/div>\n<\/div>\n<\/div>\n\n\n\n<div class=\"wp-block-group alignwide has-global-padding is-layout-constrained wp-block-group-is-layout-constrained\">\n<h2 class=\"wp-block-heading alignwide has-text-align-left has-blue-700-color has-text-color\">Weitere Fort- und Weiterbildungen<\/h2>\n\n\n\n<div class=\"wp-block-query alignwide is-layout-flow wp-block-query-is-layout-flow\"><ul class=\"columns-3 wp-block-post-template is-layout-grid wp-container-core-post-template-is-layout-2d080239 wp-block-post-template-is-layout-grid\"><li class=\"wp-block-post post-4536 post type-post status-publish format-standard has-post-thumbnail hentry category-fortbildung-weiterbildung category-qualifizierung category-umschulung tag-hamburg tag-technik tag-teilqualifikation tag-weiterbildung\">\n\n<div class=\"wp-block-group has-elevation-200-shadow is-layout-flow wp-block-group-is-layout-flow\" style=\"border-radius:16px;padding-top:0px;padding-right:0px;padding-bottom:0px;padding-left:0px\"><figure style=\"aspect-ratio:4\/3;width:100%;\" class=\"wp-block-post-featured-image\"><a href=\"https:\/\/fits.de\/de\/angebot\/qualifizierung\/weiterbildung-maschinen-und-anlagenfuhrerin\/\" target=\"_self\"  ><img loading=\"lazy\" decoding=\"async\" width=\"662\" height=\"446\" src=\"https:\/\/fits.de\/de\/wp-content\/uploads\/sites\/2\/Anlagenfuehrer_Article.png\" class=\"attachment-post-thumbnail size-post-thumbnail wp-post-image\" alt=\"Weiterbildung Maschinen- und Anlagenf\u00fchrer:in\" style=\"border-top-left-radius:16px;border-top-right-radius:16px;width:100%;height:100%;object-fit:cover;\" srcset=\"https:\/\/fits.de\/de\/wp-content\/uploads\/sites\/2\/Anlagenfuehrer_Article.png 662w, https:\/\/fits.de\/de\/wp-content\/uploads\/sites\/2\/Anlagenfuehrer_Article-300x202.png 300w\" sizes=\"auto, (max-width: 662px) 100vw, 662px\" \/><\/a><\/figure>\n\n\n<div class=\"wp-block-group is-vertical is-content-justification-stretch is-layout-flex wp-container-core-group-is-layout-46e99ed5 wp-block-group-is-layout-flex\" style=\"min-height:320px;margin-top:0;padding-top:var(--wp--preset--spacing--30);padding-right:var(--wp--preset--spacing--30);padding-bottom:var(--wp--preset--spacing--30);padding-left:var(--wp--preset--spacing--30)\">\n<div class=\"wp-block-group has-global-padding is-layout-constrained wp-block-group-is-layout-constrained\"><h2 class=\"has-link-color wp-elements-a10c21f891e00842b8f1f373eddfee09 wp-block-post-title has-headline-4-font-size\"><a href=\"https:\/\/fits.de\/de\/angebot\/qualifizierung\/weiterbildung-maschinen-und-anlagenfuhrerin\/\" target=\"_blank\" >Weiterbildung Maschinen- und Anlagenf\u00fchrer:in<\/a><\/h2>\n\n<div class=\"taxonomy-post_tag wp-block-post-terms\"><a href=\"https:\/\/fits.de\/de\/tag\/hamburg\/\" rel=\"tag\">Hamburg<\/a><span class=\"wp-block-post-terms__separator\">, <\/span><a href=\"https:\/\/fits.de\/de\/tag\/technik\/\" rel=\"tag\">Technik<\/a><span class=\"wp-block-post-terms__separator\">, <\/span><a href=\"https:\/\/fits.de\/de\/tag\/teilqualifikation\/\" rel=\"tag\">Teilqualifikation<\/a><span class=\"wp-block-post-terms__separator\">, <\/span><a href=\"https:\/\/fits.de\/de\/tag\/weiterbildung\/\" rel=\"tag\">Weiterbildung<\/a><\/div>\n\n<div class=\"wp-block-post-excerpt\"><p class=\"wp-block-post-excerpt__excerpt\">Als Maschinen- und Anlagenf\u00fchrer:in richtest du Produktionsanlagen ein und bedienst sie. Du sorgst daf\u00fcr, dass&hellip;<\/p><p class=\"wp-block-post-excerpt__more-text\"><a class=\"wp-block-post-excerpt__more-link\" href=\"https:\/\/fits.de\/de\/angebot\/qualifizierung\/weiterbildung-maschinen-und-anlagenfuhrerin\/\">Mehr erfahren<\/a><\/p><\/div><\/div>\n<\/div>\n<\/div>\n\n<\/li><li class=\"wp-block-post post-1022 post type-post status-publish format-standard has-post-thumbnail hentry category-angebot category-fortbildung-weiterbildung category-qualifizierung tag-bildungsurlaub tag-elektrotechnik tag-schulung tag-technik\">\n\n<div class=\"wp-block-group has-elevation-200-shadow is-layout-flow wp-block-group-is-layout-flow\" style=\"border-radius:16px;padding-top:0px;padding-right:0px;padding-bottom:0px;padding-left:0px\"><figure style=\"aspect-ratio:4\/3;width:100%;\" class=\"wp-block-post-featured-image\"><a href=\"https:\/\/fits.de\/de\/angebot\/dguv-vorschrift-3-erst-und-wiederholungsschulung\/\" target=\"_self\"  ><img loading=\"lazy\" decoding=\"async\" width=\"1166\" height=\"933\" src=\"https:\/\/fits.de\/de\/wp-content\/uploads\/sites\/2\/middel-sec-1.jpg\" class=\"attachment-post-thumbnail size-post-thumbnail wp-post-image\" alt=\"DGUV Vorschrift 3 Erst- und Wiederholungsschulung\" style=\"border-top-left-radius:16px;border-top-right-radius:16px;width:100%;height:100%;object-fit:cover;\" srcset=\"https:\/\/fits.de\/de\/wp-content\/uploads\/sites\/2\/middel-sec-1.jpg 1166w, https:\/\/fits.de\/de\/wp-content\/uploads\/sites\/2\/middel-sec-1-300x240.jpg 300w, https:\/\/fits.de\/de\/wp-content\/uploads\/sites\/2\/middel-sec-1-1024x819.jpg 1024w, https:\/\/fits.de\/de\/wp-content\/uploads\/sites\/2\/middel-sec-1-768x615.jpg 768w\" sizes=\"auto, (max-width: 1166px) 100vw, 1166px\" \/><\/a><\/figure>\n\n\n<div class=\"wp-block-group is-vertical is-content-justification-stretch is-layout-flex wp-container-core-group-is-layout-46e99ed5 wp-block-group-is-layout-flex\" style=\"min-height:320px;margin-top:0;padding-top:var(--wp--preset--spacing--30);padding-right:var(--wp--preset--spacing--30);padding-bottom:var(--wp--preset--spacing--30);padding-left:var(--wp--preset--spacing--30)\">\n<div class=\"wp-block-group has-global-padding is-layout-constrained wp-block-group-is-layout-constrained\"><h2 class=\"has-link-color wp-elements-a10c21f891e00842b8f1f373eddfee09 wp-block-post-title has-headline-4-font-size\"><a href=\"https:\/\/fits.de\/de\/angebot\/dguv-vorschrift-3-erst-und-wiederholungsschulung\/\" target=\"_blank\" >DGUV Vorschrift 3 Erst- und Wiederholungsschulung<\/a><\/h2>\n\n<div class=\"taxonomy-post_tag wp-block-post-terms\"><a href=\"https:\/\/fits.de\/de\/tag\/bildungsurlaub\/\" rel=\"tag\">Bildungsurlaub<\/a><span class=\"wp-block-post-terms__separator\">, <\/span><a href=\"https:\/\/fits.de\/de\/tag\/elektrotechnik\/\" rel=\"tag\">Elektrotechnik<\/a><span class=\"wp-block-post-terms__separator\">, <\/span><a href=\"https:\/\/fits.de\/de\/tag\/schulung\/\" rel=\"tag\">Schulung<\/a><span class=\"wp-block-post-terms__separator\">, <\/span><a href=\"https:\/\/fits.de\/de\/tag\/technik\/\" rel=\"tag\">Technik<\/a><\/div>\n\n<div class=\"wp-block-post-excerpt\"><p class=\"wp-block-post-excerpt__excerpt\">Mit der DGUV Vorschrift 3 Erst- und Wiederholungsschulung kommst du deiner Verantwortung f\u00fcr die vorgeschriebenen&hellip;<\/p><p class=\"wp-block-post-excerpt__more-text\"><a class=\"wp-block-post-excerpt__more-link\" href=\"https:\/\/fits.de\/de\/angebot\/dguv-vorschrift-3-erst-und-wiederholungsschulung\/\">Mehr erfahren<\/a><\/p><\/div><\/div>\n<\/div>\n<\/div>\n\n<\/li><li class=\"wp-block-post post-996 post type-post status-publish format-standard has-post-thumbnail hentry category-angebot category-fortbildung-weiterbildung category-qualifizierung tag-elektrotechnik tag-hamburg tag-schulung tag-technik\">\n\n<div class=\"wp-block-group has-elevation-200-shadow is-layout-flow wp-block-group-is-layout-flow\" style=\"border-radius:16px;padding-top:0px;padding-right:0px;padding-bottom:0px;padding-left:0px\"><figure style=\"aspect-ratio:4\/3;width:100%;\" class=\"wp-block-post-featured-image\"><a href=\"https:\/\/fits.de\/de\/angebot\/elektrofachkraft-fuer-festgelegte-taetigkeiten\/\" target=\"_self\"  ><img loading=\"lazy\" decoding=\"async\" width=\"2500\" height=\"1668\" src=\"https:\/\/fits.de\/de\/wp-content\/uploads\/sites\/2\/thisisengineering-raeng-X7cls0azgKg-unsplash.webp\" class=\"attachment-post-thumbnail size-post-thumbnail wp-post-image\" alt=\"Elektrofachkraft f\u00fcr festgelegte T\u00e4tigkeiten\" style=\"border-top-left-radius:16px;border-top-right-radius:16px;width:100%;height:100%;object-fit:cover;\" srcset=\"https:\/\/fits.de\/de\/wp-content\/uploads\/sites\/2\/thisisengineering-raeng-X7cls0azgKg-unsplash.webp 2500w, https:\/\/fits.de\/de\/wp-content\/uploads\/sites\/2\/thisisengineering-raeng-X7cls0azgKg-unsplash-300x200.webp 300w, https:\/\/fits.de\/de\/wp-content\/uploads\/sites\/2\/thisisengineering-raeng-X7cls0azgKg-unsplash-1024x683.webp 1024w, https:\/\/fits.de\/de\/wp-content\/uploads\/sites\/2\/thisisengineering-raeng-X7cls0azgKg-unsplash-768x512.webp 768w, https:\/\/fits.de\/de\/wp-content\/uploads\/sites\/2\/thisisengineering-raeng-X7cls0azgKg-unsplash-1536x1025.webp 1536w, https:\/\/fits.de\/de\/wp-content\/uploads\/sites\/2\/thisisengineering-raeng-X7cls0azgKg-unsplash-2048x1366.webp 2048w\" sizes=\"auto, (max-width: 2500px) 100vw, 2500px\" \/><\/a><\/figure>\n\n\n<div class=\"wp-block-group is-vertical is-content-justification-stretch is-layout-flex wp-container-core-group-is-layout-46e99ed5 wp-block-group-is-layout-flex\" style=\"min-height:320px;margin-top:0;padding-top:var(--wp--preset--spacing--30);padding-right:var(--wp--preset--spacing--30);padding-bottom:var(--wp--preset--spacing--30);padding-left:var(--wp--preset--spacing--30)\">\n<div class=\"wp-block-group has-global-padding is-layout-constrained wp-block-group-is-layout-constrained\"><h2 class=\"has-link-color wp-elements-a10c21f891e00842b8f1f373eddfee09 wp-block-post-title has-headline-4-font-size\"><a href=\"https:\/\/fits.de\/de\/angebot\/elektrofachkraft-fuer-festgelegte-taetigkeiten\/\" target=\"_blank\" >Elektrofachkraft f\u00fcr festgelegte T\u00e4tigkeiten<\/a><\/h2>\n\n<div class=\"taxonomy-post_tag wp-block-post-terms\"><a href=\"https:\/\/fits.de\/de\/tag\/elektrotechnik\/\" rel=\"tag\">Elektrotechnik<\/a><span class=\"wp-block-post-terms__separator\">, <\/span><a href=\"https:\/\/fits.de\/de\/tag\/hamburg\/\" rel=\"tag\">Hamburg<\/a><span class=\"wp-block-post-terms__separator\">, <\/span><a href=\"https:\/\/fits.de\/de\/tag\/schulung\/\" rel=\"tag\">Schulung<\/a><span class=\"wp-block-post-terms__separator\">, <\/span><a href=\"https:\/\/fits.de\/de\/tag\/technik\/\" rel=\"tag\">Technik<\/a><\/div>\n\n<div class=\"wp-block-post-excerpt\"><p class=\"wp-block-post-excerpt__excerpt\">Erweitere deine Elektro-Kompetenzen als Elektrofachkraft f\u00fcr festgelegte T\u00e4tigkeiten und f\u00fchre sicher fachgerechte Schalt- und Montagearbeiten&hellip;<\/p><p class=\"wp-block-post-excerpt__more-text\"><a class=\"wp-block-post-excerpt__more-link\" href=\"https:\/\/fits.de\/de\/angebot\/elektrofachkraft-fuer-festgelegte-taetigkeiten\/\">Mehr erfahren<\/a><\/p><\/div><\/div>\n<\/div>\n<\/div>\n\n<\/li><li class=\"wp-block-post post-979 post type-post status-publish format-standard has-post-thumbnail hentry category-angebot category-fortbildung-weiterbildung category-qualifizierung tag-elektrotechnik tag-schulung tag-technik\">\n\n<div class=\"wp-block-group has-elevation-200-shadow is-layout-flow wp-block-group-is-layout-flow\" style=\"border-radius:16px;padding-top:0px;padding-right:0px;padding-bottom:0px;padding-left:0px\"><figure style=\"aspect-ratio:4\/3;width:100%;\" class=\"wp-block-post-featured-image\"><a href=\"https:\/\/fits.de\/de\/angebot\/elektronisch-unterwiesene-person\/\" target=\"_self\"  ><img loading=\"lazy\" decoding=\"async\" width=\"2560\" height=\"1596\" src=\"https:\/\/fits.de\/de\/wp-content\/uploads\/sites\/2\/home-banner-img2-scaled-1.jpg\" class=\"attachment-post-thumbnail size-post-thumbnail wp-post-image\" alt=\"Elektrotechnisch unterwiesene Person (EUP)\" style=\"border-top-left-radius:16px;border-top-right-radius:16px;width:100%;height:100%;object-fit:cover;\" \/><\/a><\/figure>\n\n\n<div class=\"wp-block-group is-vertical is-content-justification-stretch is-layout-flex wp-container-core-group-is-layout-46e99ed5 wp-block-group-is-layout-flex\" style=\"min-height:320px;margin-top:0;padding-top:var(--wp--preset--spacing--30);padding-right:var(--wp--preset--spacing--30);padding-bottom:var(--wp--preset--spacing--30);padding-left:var(--wp--preset--spacing--30)\">\n<div class=\"wp-block-group has-global-padding is-layout-constrained wp-block-group-is-layout-constrained\"><h2 class=\"has-link-color wp-elements-a10c21f891e00842b8f1f373eddfee09 wp-block-post-title has-headline-4-font-size\"><a href=\"https:\/\/fits.de\/de\/angebot\/elektronisch-unterwiesene-person\/\" target=\"_blank\" >Elektrotechnisch unterwiesene Person (EUP)<\/a><\/h2>\n\n<div class=\"taxonomy-post_tag wp-block-post-terms\"><a href=\"https:\/\/fits.de\/de\/tag\/elektrotechnik\/\" rel=\"tag\">Elektrotechnik<\/a><span class=\"wp-block-post-terms__separator\">, <\/span><a href=\"https:\/\/fits.de\/de\/tag\/schulung\/\" rel=\"tag\">Schulung<\/a><span class=\"wp-block-post-terms__separator\">, <\/span><a href=\"https:\/\/fits.de\/de\/tag\/technik\/\" rel=\"tag\">Technik<\/a><\/div>\n\n<div class=\"wp-block-post-excerpt\"><p class=\"wp-block-post-excerpt__excerpt\">Ziel ist die Vermittlung theoretischer Kenntnisse. Dein Wissen wird durch praktische \u00dcbungen an verschiedenen Stationen&hellip;<\/p><p class=\"wp-block-post-excerpt__more-text\"><a class=\"wp-block-post-excerpt__more-link\" href=\"https:\/\/fits.de\/de\/angebot\/elektronisch-unterwiesene-person\/\">Mehr erfahren<\/a><\/p><\/div><\/div>\n<\/div>\n<\/div>\n\n<\/li><\/ul><\/div>\n<\/div>\n\n\n","protected":false},"excerpt":{"rendered":"<p>Ziel ist die Vermittlung theoretischer Kenntnisse. Dein Wissen wird durch praktische \u00dcbungen an verschiedenen Stationen vertieft und erweitert.<\/p>\n","protected":false},"author":1,"featured_media":684,"comment_status":"open","ping_status":"open","sticky":false,"template":"page-no-contact","format":"standard","meta":{"footnotes":""},"categories":[5,125,9],"tags":[132,112,143],"class_list":["post-979","post","type-post","status-publish","format-standard","has-post-thumbnail","hentry","category-angebot","category-fortbildung-weiterbildung","category-qualifizierung","tag-elektrotechnik","tag-schulung","tag-technik"],"_links":{"self":[{"href":"https:\/\/fits.de\/de\/wp-json\/wp\/v2\/posts\/979","targetHints":{"allow":["GET"]}}],"collection":[{"href":"https:\/\/fits.de\/de\/wp-json\/wp\/v2\/posts"}],"about":[{"href":"https:\/\/fits.de\/de\/wp-json\/wp\/v2\/types\/post"}],"author":[{"embeddable":true,"href":"https:\/\/fits.de\/de\/wp-json\/wp\/v2\/users\/1"}],"replies":[{"embeddable":true,"href":"https:\/\/fits.de\/de\/wp-json\/wp\/v2\/comments?post=979"}],"version-history":[{"count":47,"href":"https:\/\/fits.de\/de\/wp-json\/wp\/v2\/posts\/979\/revisions"}],"predecessor-version":[{"id":4922,"href":"https:\/\/fits.de\/de\/wp-json\/wp\/v2\/posts\/979\/revisions\/4922"}],"wp:featuredmedia":[{"embeddable":true,"href":"https:\/\/fits.de\/de\/wp-json\/wp\/v2\/media\/684"}],"wp:attachment":[{"href":"https:\/\/fits.de\/de\/wp-json\/wp\/v2\/media?parent=979"}],"wp:term":[{"taxonomy":"category","embeddable":true,"href":"https:\/\/fits.de\/de\/wp-json\/wp\/v2\/categories?post=979"},{"taxonomy":"post_tag","embeddable":true,"href":"https:\/\/fits.de\/de\/wp-json\/wp\/v2\/tags?post=979"}],"curies":[{"name":"wp","href":"https:\/\/api.w.org\/{rel}","templated":true}]}}